{"id":4415,"date":"2018-11-29T15:00:32","date_gmt":"2018-11-29T15:00:32","guid":{"rendered":"https:\/\/www.doclisboa.org\/2019\/?p=4415"},"modified":"2018-11-29T15:28:38","modified_gmt":"2018-11-29T15:28:38","slug":"imagens-familiares-em-arcos-de-valdevez","status":"publish","type":"post","link":"https:\/\/www.doclisboa.org\/2019\/imagens-familiares-em-arcos-de-valdevez\/","title":{"rendered":"&#8220;Imagens Familiares&#8221; em Arcos de Valdevez"},"content":{"rendered":"<p><strong>J\u00e1 vem de tr\u00e1s a parceria entre a <a href=\"http:\/\/www.apordoc.org\">Apordoc<\/a> e a <a href=\"https:\/\/www.cmav.pt\/\">C\u00e2mara Municipal de Arcos de Valdevez<\/a>, ou n\u00e3o fosse ali que se realiza anualmente o <a href=\"https:\/\/www.docskingdom.org\/\">Doc&#8217;s Kingdom<\/a>.<\/strong> Mas estreita-se agora a colabora\u00e7\u00e3o, com o ciclo &#8220;Imagens Familiares&#8221;, que d\u00e1 \u00e0 terra um m\u00eas de filmes, entre os dias 30 dos meses de Novembro e Dezembro. Uma selec\u00e7\u00e3o de curtas-metragens da sec\u00e7\u00e3o <a href=\"http:\/\/www.doclisboa.org\/2017\/seccoes\/verdes-anos\/\">Verdes Anos<\/a> da 15\u00aa edi\u00e7\u00e3o do Doclisboa, em que o elo de liga\u00e7\u00e3o se faz atrav\u00e9s dos n\u00facleos familiares:<\/p>\n<p><u>30 de Novembro, 1 e 2 de Dezembro<\/u><br \/>\n<a href=\"http:\/\/www.doclisboa.org\/2017\/filmes\/jacarepagua\/\"><em>Jacarepagu\u00e1<\/em><\/a><br \/>\nMaria Ganem, 2017, Portugal, 6\u2019<br \/>\nO cineasta franc\u00eas Alain Cavalier visita uma casa suburbana no Rio de Janeiro, nos anos 1980, e interroga-se sobre os ganhos da chegada da c\u00e2mara port\u00e1til ao cinema.<\/p>\n<p><u>8 e 9 de Dezembro<\/u><br \/>\n<em><a href=\"http:\/\/www.doclisboa.org\/2017\/filmes\/quando-o-dia-acaba\/\">Quando o Dia Acaba<\/a><\/em><br \/>\nPedro Gon\u00e7alves, 2017, Portugal, 15\u2019<br \/>\nO retrato de uma fam\u00edlia homoparental. Marta e Mariana s\u00e3o casadas e vivem com os dois filhos \u2013 Matias (4 anos) e uma menina de um ano, Maria Mar \u2013 e um d\u00e1lmata. Como \u00e9 que o amor entre estas pessoas se pode materializar em pequenos gestos?<\/p>\n<p><u>15 e 16 de Dezembro<\/u><br \/>\n<a href=\"http:\/\/www.doclisboa.org\/2017\/filmes\/lemons\/\"><em>Lemons<\/em><\/a>\u00a0(na imagem)<br \/>\nSrinivas Reddy Sanikommu, 2017, Portugal, 12\u2019<br \/>\nUma rapariga e a sua amiga tentam roubar lim\u00f5es do pomar da igreja, o que leva a uma inesperada conversa \u00edntima sobre religi\u00e3o e liberdade pessoal. As discuss\u00f5es inspiram uma demanda de reconquista da sua autonomia de uma institui\u00e7\u00e3o religiosa.<\/p>\n<p><u>21 a 23 de Dezembro<\/u><br \/>\n<a href=\"http:\/\/www.doclisboa.org\/2017\/filmes\/entre-o-ceu-e-o-mar\/\"><em>Entre o C\u00e9u e o Mar<\/em><\/a><br \/>\nGiuliane Maciel, 2017, Portugal, 13\u2019<br \/>\nO filme nasce da necessidade de respostas, da busca da realizadora pelas suas origens junto de mem\u00f3rias e antigas cassetes filmadas por si e pelos seus pais.<\/p>\n<p><u>28 a 30 de Dezembro<\/u><br \/>\n<a href=\"http:\/\/www.doclisboa.org\/2017\/filmes\/norley-and-norlen\/\"><em>Norley and Norlen<\/em><\/a><br \/>\nFlavio Ferreira, 2017, Cuba, Portugal, Espanha, 8\u2019<br \/>\nA linguagem silenciosa de dois irm\u00e3os, intimidade f\u00edsica. A diferen\u00e7a atrav\u00e9s da igualdade. Norley e Norlen s\u00e3o g\u00e9meos. Umas vezes lutam\u2026 e outras n\u00e3o.<\/p>\n","protected":false},"excerpt":{"rendered":"<p>J\u00e1 vem de tr\u00e1s a parceria entre a Apordoc e a C\u00e2mara Municipal de Arcos de Valdevez, ou n\u00e3o fosse ali que se realiza anualmente o Doc&#8217;s Kingdom. Mas estreita-se agora a colabora\u00e7\u00e3o, com o ciclo &#8220;Imagens Familiares&#8221;, que d\u00e1 \u00e0 terra um m\u00eas de filmes, entre os dias 30 dos meses de Novembro e <a href=\"https:\/\/www.doclisboa.org\/2019\/imagens-familiares-em-arcos-de-valdevez\/\" class=\"more-link\">&#8230;<\/a><\/p>\n","protected":false},"author":2,"featured_media":4417,"comment_status":"open","ping_status":"open","sticky":false,"template":"","format":"standard","meta":{"_exactmetrics_skip_tracking":false,"_exactmetrics_sitenote_active":false,"_exactmetrics_sitenote_note":"","_exactmetrics_sitenote_category":0,"footnotes":""},"categories":[1],"tags":[],"_links":{"self":[{"href":"https:\/\/www.doclisboa.org\/2019\/wp-json\/wp\/v2\/posts\/4415"}],"collection":[{"href":"https:\/\/www.doclisboa.org\/2019\/wp-json\/wp\/v2\/posts"}],"about":[{"href":"https:\/\/www.doclisboa.org\/2019\/wp-json\/wp\/v2\/types\/post"}],"author":[{"embeddable":true,"href":"https:\/\/www.doclisboa.org\/2019\/wp-json\/wp\/v2\/users\/2"}],"replies":[{"embeddable":true,"href":"https:\/\/www.doclisboa.org\/2019\/wp-json\/wp\/v2\/comments?post=4415"}],"version-history":[{"count":0,"href":"https:\/\/www.doclisboa.org\/2019\/wp-json\/wp\/v2\/posts\/4415\/revisions"}],"wp:featuredmedia":[{"embeddable":true,"href":"https:\/\/www.doclisboa.org\/2019\/wp-json\/wp\/v2\/media\/4417"}],"wp:attachment":[{"href":"https:\/\/www.doclisboa.org\/2019\/wp-json\/wp\/v2\/media?parent=4415"}],"wp:term":[{"taxonomy":"category","embeddable":true,"href":"https:\/\/www.doclisboa.org\/2019\/wp-json\/wp\/v2\/categories?post=4415"},{"taxonomy":"post_tag","embeddable":true,"href":"https:\/\/www.doclisboa.org\/2019\/wp-json\/wp\/v2\/tags?post=4415"}],"curies":[{"name":"wp","href":"https:\/\/api.w.org\/{rel}","templated":true}]}}