{"id":2857,"date":"2017-10-18T14:31:27","date_gmt":"2017-10-18T14:31:27","guid":{"rendered":"http:\/\/www.doclisboa.org\/2017\/?p=2857"},"modified":"2017-10-18T14:47:23","modified_gmt":"2017-10-18T14:47:23","slug":"laboratorio-de-realizacao-doclisboa17-21-e-28-outubro-inscricoes-abertas","status":"publish","type":"post","link":"https:\/\/www.doclisboa.org\/2017\/laboratorio-de-realizacao-doclisboa17-21-e-28-outubro-inscricoes-abertas\/","title":{"rendered":"Laborat\u00f3rio de Realiza\u00e7\u00e3o Doclisboa&#8217;17 | 21 e 28 Outubro | Inscri\u00e7\u00f5es Abertas"},"content":{"rendered":"<p><strong>Encontro, Discuss\u00e3o e Reflex\u00e3o Cr\u00edtica<\/strong><\/p>\n<p>Nesta edi\u00e7\u00e3o do festival, o Laborat\u00f3rio ter\u00e1 como ponto de partida a retrospectiva tem\u00e1tica Uma outra Am\u00e9rica \u2013 o Singular Cinema do Quebeque. Dividido em tr\u00eas m\u00f3dulos, os tutores convidados ir\u00e3o partir dos filmes da retrospectiva para uma reflex\u00e3o sobre a cria\u00e7\u00e3o cinematogr\u00e1fica.<\/p>\n<p>&nbsp;<\/p>\n<p>Richard Brouillette (realizador) e Nuno Lisboa (programador) ir\u00e3o ser os tutores da sess\u00e3o de dia 21, dedicada \u00e0 reflex\u00e3o sobre diferentes abordagens de realiza\u00e7\u00e3o e a constru\u00e7\u00e3o ficcional. Dia 28 de manh\u00e3, Jo\u00e3o Braz (montador) ir\u00e1 concentrar-se na import\u00e2ncia da montagem e, no mesmo dia \u00e0 tarde, Hugo Leit\u00e3o (designer de som) ir\u00e1 falar sobre a rela\u00e7\u00e3o entre som, m\u00fasica e imagem.<\/p>\n<p>&nbsp;<br \/>\n&nbsp;<\/p>\n<p><strong>Sobre os tutores convidados<\/strong><\/p>\n<p>&nbsp;<\/p>\n<p><strong>Richard Brouillette<\/strong><br \/>\nProdutor, realizador, montador e programador de cinema. Come\u00e7ou como cr\u00edtico de cinema no seman\u00e1rio de Montreal Voir (1989) e depois trabalhou para a principal distribuidora cinematogr\u00e1fica independente do Quebeque, Cin\u00e9ma Libre (1989-1999). Em 1993, fundou o centro Casa Obscura, um espa\u00e7o de exibi\u00e7\u00e3o multidisciplinar gerido por artistas, onde ainda dirige um cineclube semanal. Realizou v\u00e1rios filmes, incluindo Oncle Bernard \u2013 A Counter-Lesson in Economics.<\/p>\n<p>&nbsp;<\/p>\n<p><strong>Nuno Lisboa<\/strong><br \/>\nDirige desde 2013 o Doc\u2019s Kingdom \u2013 Semin\u00e1rio Internacional de Cinema Documental, onde \u00e9 programador desde 2006. Entre 2006 e 2017, organizou 9 programas do Doc\u2019s Kingdom com Jos\u00e9 Manuel Costa, Ricardo Matos Cabo, Federico Rossin, Aily Nash, Filipa C\u00e9sar e Olivier Marboeuf. Em 2017, foi o programador convidado do 63\u00ba Semin\u00e1rio de Cinema Flaherty, organizando um programa intitulado \u201cFuture Remains\u201d.<\/p>\n<p>&nbsp;<\/p>\n<p><strong>Jo\u00e3o Braz<\/strong><br \/>\nNascido em Lisboa, em 1969, Jo\u00e3o Braz estudou montagem na Escola Superior de Teatro e Cinema de Lisboa. Ao longo de mais de 20 anos, editou cerca de 80 filmes, entre longas-metragens e document\u00e1rios, para al\u00e9m de telefilmes, s\u00e9ries de televis\u00e3o e filmes publicit\u00e1rios. Trabalhou com realizadores como Jo\u00e3o Botelho, Jo\u00e3o Canijo, Marco Martins, Margarida Gil, Fernando Vendrell, Jos\u00e9 Filipe Costa, Margarida Cardoso e Cla\u00fadia Varej\u00e3o entre muitos outros.<\/p>\n<p>&nbsp;<\/p>\n<p><strong>Hugo Leit\u00e3o<\/strong><br \/>\nCome\u00e7ou a sua forma\u00e7\u00e3o acad\u00e9mica e profissional na \u00e1rea da m\u00fasica e som em 1998. Em 2004, passa a pertencer \u00e0 equipa de p\u00f3s-produ\u00e7\u00e3o de som para cinema da Tobis Portuguesa liderada por Branko Neskov, desempenhou fun\u00e7\u00f5es como editor de som; sound designer e misturador at\u00e9 final de 2010 em v\u00e1rias dezenas filmes. \u00c9 compositor e int\u00e9rprete em v\u00e1rios projetos relacionados com m\u00fasica electr\u00f3nica, comp\u00f5e tamb\u00e9m para teatro e cinema. Trabalha com realizadores como Pedro Costa, Margarida Cardoso, Margarida Gil, Marco Martins, Tiago Guedes, Gabriel Abrandes, Jo\u00e3o M\u00e1rio Grilo, Leonel Viera.<\/p>\n<p>&nbsp;<br \/>\n&nbsp;<\/p>\n<p><strong>21 OUTUBRO (S\u00e1bado)<\/strong><br \/>\n10h \u00e0s 14h &#8211; Pal\u00e1cio Galveias &#8211; Richard Brouillette e Nuno Lisboa<\/p>\n<p>&nbsp;<\/p>\n<p><strong>28 OUTUBRO (S\u00e1bado)<\/strong><br \/>\n10h \u00e0s 13h &#8211; Pal\u00e1cio Galveias &#8211; Jo\u00e3o Braz<br \/>\n15h \u00e0s 19h &#8211; Culturgest, Sala 4 &#8211; Hugo Leit\u00e3o<\/p>\n<p>&nbsp;<\/p>\n<p><strong>Pre\u00e7o<\/strong><br \/>\nTodas as sess\u00f5es: 40 Euros (p\u00fablico em geral) e 25 Euros (s\u00f3cios da Apordoc e estudantes);<br \/>\nCada m\u00f3dulo individual: 20 Euros (p\u00fablico em geral) e 15 Euros (s\u00f3cios da Apordoc e estudantes)<\/p>\n<p>&nbsp;<\/p>\n<p><strong>Inscri\u00e7\u00f5es:<\/strong>\u00a0<a href=\"http:\/\/www.doclisboa.org\/2017\/actividades_paralelas\/encontro-discussao-e-reflexao-critica\/\" target=\"_blank\" rel=\"noopener\" data-saferedirecturl=\"https:\/\/www.google.com\/url?hl=pt-PT&amp;q=http:\/\/www.doclisboa.org\/2017\/actividades_paralelas\/encontro-discussao-e-reflexao-critica\/&amp;source=gmail&amp;ust=1508422051471000&amp;usg=AFQjCNG7Ip6nCd1NzepiJ5lR6PamKZKl-g\">aqui<\/a>,\u00a0mediante o preenchimento pr\u00e9vio do formul\u00e1rio \u00bb\u00a0<a href=\"http:\/\/bit.ly\/2z40N92\" target=\"_blank\" rel=\"noopener\" data-saferedirecturl=\"https:\/\/www.google.com\/url?hl=pt-PT&amp;q=http:\/\/bit.ly\/2z40N92&amp;source=gmail&amp;ust=1508422051471000&amp;usg=AFQjCNHYOh5dRq8tWTDOD3mUwT_JKr3a5Q\">bit.ly\/2z40N92<\/a><br \/>\n<strong>Esclarecimentos:<\/strong>\u00a0<a href=\"mailto:programme@doclisboa.org\" target=\"_blank\" rel=\"noopener\">programme@doclisboa.org<\/a><br \/>\n<strong>Programa Doclisboa&#8217;17:\u00a0<\/strong>consultar\u00a0<a href=\"http:\/\/www.doclisboa.org\/2017\/wp-content\/uploads\/2017\/09\/DL17-programa.pdf\" target=\"_blank\" rel=\"noopener\" data-saferedirecturl=\"https:\/\/www.google.com\/url?hl=pt-PT&amp;q=http:\/\/www.doclisboa.org\/2017\/wp-content\/uploads\/2017\/09\/DL17-programa.pdf&amp;source=gmail&amp;ust=1508422051471000&amp;usg=AFQjCNHaxYBPQCXU7SdsTUmYGzkhKfFpAw\">aqui<\/a><\/p>\n","protected":false},"excerpt":{"rendered":"<p>Encontro, Discuss\u00e3o e Reflex\u00e3o Cr\u00edtica Nesta edi\u00e7\u00e3o do festival, o Laborat\u00f3rio ter\u00e1 como ponto de partida a retrospectiva tem\u00e1tica Uma outra Am\u00e9rica \u2013 o Singular Cinema do Quebeque. Dividido em tr\u00eas m\u00f3dulos, os tutores convidados ir\u00e3o partir dos filmes da retrospectiva para uma reflex\u00e3o sobre a cria\u00e7\u00e3o cinematogr\u00e1fica. &nbsp; Richard Brouillette (realizador) e Nuno Lisboa [&hellip;]<\/p>\n","protected":false},"author":1,"featured_media":2769,"comment_status":"open","ping_status":"open","sticky":false,"template":"","format":"standard","meta":{"_exactmetrics_skip_tracking":false,"_exactmetrics_sitenote_active":false,"_exactmetrics_sitenote_note":"","_exactmetrics_sitenote_category":0,"footnotes":""},"categories":[1],"tags":[],"class_list":["post-2857","post","type-post","status-publish","format-standard","has-post-thumbnail","hentry","category-uncategorized"],"acf":[],"yoast_head":"<!-- This site is optimized with the Yoast SEO plugin v21.4 - https:\/\/yoast.com\/wordpress\/plugins\/seo\/ -->\n<title>Laborat\u00f3rio de Realiza\u00e7\u00e3o Doclisboa&#039;17 | 21 e 28 Outubro | Inscri\u00e7\u00f5es Abertas - Doclisboa 2017<\/title>\n<meta name=\"robots\" content=\"index, follow, max-snippet:-1, max-image-preview:large, max-video-preview:-1\" \/>\n<link rel=\"canonical\" href=\"https:\/\/www.doclisboa.org\/2017\/laboratorio-de-realizacao-doclisboa17-21-e-28-outubro-inscricoes-abertas\/\" \/>\n<meta property=\"og:locale\" content=\"en_US\" \/>\n<meta property=\"og:type\" content=\"article\" \/>\n<meta property=\"og:title\" content=\"Laborat\u00f3rio de Realiza\u00e7\u00e3o Doclisboa&#039;17 | 21 e 28 Outubro | Inscri\u00e7\u00f5es Abertas - Doclisboa 2017\" \/>\n<meta property=\"og:description\" content=\"Encontro, Discuss\u00e3o e Reflex\u00e3o Cr\u00edtica Nesta edi\u00e7\u00e3o do festival, o Laborat\u00f3rio ter\u00e1 como ponto de partida a retrospectiva tem\u00e1tica Uma outra Am\u00e9rica \u2013 o Singular Cinema do Quebeque. Dividido em tr\u00eas m\u00f3dulos, os tutores convidados ir\u00e3o partir dos filmes da retrospectiva para uma reflex\u00e3o sobre a cria\u00e7\u00e3o cinematogr\u00e1fica. &nbsp; Richard Brouillette (realizador) e Nuno Lisboa [&hellip;]\" \/>\n<meta property=\"og:url\" content=\"https:\/\/www.doclisboa.org\/2017\/laboratorio-de-realizacao-doclisboa17-21-e-28-outubro-inscricoes-abertas\/\" \/>\n<meta property=\"og:site_name\" content=\"Doclisboa 2017\" \/>\n<meta property=\"article:published_time\" content=\"2017-10-18T14:31:27+00:00\" \/>\n<meta property=\"article:modified_time\" content=\"2017-10-18T14:47:23+00:00\" \/>\n<meta property=\"og:image\" content=\"https:\/\/www.doclisboa.org\/2017\/wp-content\/uploads\/2017\/10\/lab17_tutores.png\" \/>\n\t<meta property=\"og:image:width\" content=\"900\" \/>\n\t<meta property=\"og:image:height\" content=\"600\" \/>\n\t<meta property=\"og:image:type\" content=\"image\/png\" \/>\n<meta name=\"author\" content=\"apordoco-admin\" \/>\n<meta name=\"twitter:card\" content=\"summary_large_image\" \/>\n<meta name=\"twitter:label1\" content=\"Written by\" \/>\n\t<meta name=\"twitter:data1\" content=\"apordoco-admin\" \/>\n\t<meta name=\"twitter:label2\" content=\"Est. reading time\" \/>\n\t<meta name=\"twitter:data2\" content=\"3 minutes\" \/>\n<script type=\"application\/ld+json\" class=\"yoast-schema-graph\">{\"@context\":\"https:\/\/schema.org\",\"@graph\":[{\"@type\":\"WebPage\",\"@id\":\"https:\/\/www.doclisboa.org\/2017\/laboratorio-de-realizacao-doclisboa17-21-e-28-outubro-inscricoes-abertas\/\",\"url\":\"https:\/\/www.doclisboa.org\/2017\/laboratorio-de-realizacao-doclisboa17-21-e-28-outubro-inscricoes-abertas\/\",\"name\":\"Laborat\u00f3rio de Realiza\u00e7\u00e3o Doclisboa'17 | 21 e 28 Outubro | Inscri\u00e7\u00f5es Abertas - Doclisboa 2017\",\"isPartOf\":{\"@id\":\"https:\/\/www.doclisboa.org\/2017\/#website\"},\"datePublished\":\"2017-10-18T14:31:27+00:00\",\"dateModified\":\"2017-10-18T14:47:23+00:00\",\"author\":{\"@id\":\"https:\/\/www.doclisboa.org\/2017\/#\/schema\/person\/6493bf8c11d01401a0e2a5b768e868e2\"},\"breadcrumb\":{\"@id\":\"https:\/\/www.doclisboa.org\/2017\/laboratorio-de-realizacao-doclisboa17-21-e-28-outubro-inscricoes-abertas\/#breadcrumb\"},\"inLanguage\":\"en-US\",\"potentialAction\":[{\"@type\":\"ReadAction\",\"target\":[\"https:\/\/www.doclisboa.org\/2017\/laboratorio-de-realizacao-doclisboa17-21-e-28-outubro-inscricoes-abertas\/\"]}]},{\"@type\":\"BreadcrumbList\",\"@id\":\"https:\/\/www.doclisboa.org\/2017\/laboratorio-de-realizacao-doclisboa17-21-e-28-outubro-inscricoes-abertas\/#breadcrumb\",\"itemListElement\":[{\"@type\":\"ListItem\",\"position\":1,\"name\":\"Home\",\"item\":\"https:\/\/www.doclisboa.org\/2017\/\"},{\"@type\":\"ListItem\",\"position\":2,\"name\":\"Laborat\u00f3rio de Realiza\u00e7\u00e3o Doclisboa&#8217;17 | 21 e 28 Outubro | Inscri\u00e7\u00f5es Abertas\"}]},{\"@type\":\"WebSite\",\"@id\":\"https:\/\/www.doclisboa.org\/2017\/#website\",\"url\":\"https:\/\/www.doclisboa.org\/2017\/\",\"name\":\"Doclisboa 2017\",\"description\":\"15\u00ba Festival Internacional de Cinema \",\"potentialAction\":[{\"@type\":\"SearchAction\",\"target\":{\"@type\":\"EntryPoint\",\"urlTemplate\":\"https:\/\/www.doclisboa.org\/2017\/?s={search_term_string}\"},\"query-input\":\"required name=search_term_string\"}],\"inLanguage\":\"en-US\"},{\"@type\":\"Person\",\"@id\":\"https:\/\/www.doclisboa.org\/2017\/#\/schema\/person\/6493bf8c11d01401a0e2a5b768e868e2\",\"name\":\"apordoco-admin\",\"image\":{\"@type\":\"ImageObject\",\"inLanguage\":\"en-US\",\"@id\":\"https:\/\/www.doclisboa.org\/2017\/#\/schema\/person\/image\/\",\"url\":\"https:\/\/secure.gravatar.com\/avatar\/e8d6e549193aff0780fe053153ce8b5737967fe0b44d701ad56a033a39127981?s=96&d=mm&r=g\",\"contentUrl\":\"https:\/\/secure.gravatar.com\/avatar\/e8d6e549193aff0780fe053153ce8b5737967fe0b44d701ad56a033a39127981?s=96&d=mm&r=g\",\"caption\":\"apordoco-admin\"},\"url\":\"https:\/\/www.doclisboa.org\/2017\/author\/apordoco-admin\/\"}]}<\/script>\n<!-- \/ Yoast SEO plugin. -->","yoast_head_json":{"title":"Laborat\u00f3rio de Realiza\u00e7\u00e3o Doclisboa'17 | 21 e 28 Outubro | Inscri\u00e7\u00f5es Abertas - Doclisboa 2017","robots":{"index":"index","follow":"follow","max-snippet":"max-snippet:-1","max-image-preview":"max-image-preview:large","max-video-preview":"max-video-preview:-1"},"canonical":"https:\/\/www.doclisboa.org\/2017\/laboratorio-de-realizacao-doclisboa17-21-e-28-outubro-inscricoes-abertas\/","og_locale":"en_US","og_type":"article","og_title":"Laborat\u00f3rio de Realiza\u00e7\u00e3o Doclisboa'17 | 21 e 28 Outubro | Inscri\u00e7\u00f5es Abertas - Doclisboa 2017","og_description":"Encontro, Discuss\u00e3o e Reflex\u00e3o Cr\u00edtica Nesta edi\u00e7\u00e3o do festival, o Laborat\u00f3rio ter\u00e1 como ponto de partida a retrospectiva tem\u00e1tica Uma outra Am\u00e9rica \u2013 o Singular Cinema do Quebeque. Dividido em tr\u00eas m\u00f3dulos, os tutores convidados ir\u00e3o partir dos filmes da retrospectiva para uma reflex\u00e3o sobre a cria\u00e7\u00e3o cinematogr\u00e1fica. &nbsp; Richard Brouillette (realizador) e Nuno Lisboa [&hellip;]","og_url":"https:\/\/www.doclisboa.org\/2017\/laboratorio-de-realizacao-doclisboa17-21-e-28-outubro-inscricoes-abertas\/","og_site_name":"Doclisboa 2017","article_published_time":"2017-10-18T14:31:27+00:00","article_modified_time":"2017-10-18T14:47:23+00:00","og_image":[{"width":900,"height":600,"url":"https:\/\/www.doclisboa.org\/2017\/wp-content\/uploads\/2017\/10\/lab17_tutores.png","type":"image\/png"}],"author":"apordoco-admin","twitter_card":"summary_large_image","twitter_misc":{"Written by":"apordoco-admin","Est. reading time":"3 minutes"},"schema":{"@context":"https:\/\/schema.org","@graph":[{"@type":"WebPage","@id":"https:\/\/www.doclisboa.org\/2017\/laboratorio-de-realizacao-doclisboa17-21-e-28-outubro-inscricoes-abertas\/","url":"https:\/\/www.doclisboa.org\/2017\/laboratorio-de-realizacao-doclisboa17-21-e-28-outubro-inscricoes-abertas\/","name":"Laborat\u00f3rio de Realiza\u00e7\u00e3o Doclisboa'17 | 21 e 28 Outubro | Inscri\u00e7\u00f5es Abertas - Doclisboa 2017","isPartOf":{"@id":"https:\/\/www.doclisboa.org\/2017\/#website"},"datePublished":"2017-10-18T14:31:27+00:00","dateModified":"2017-10-18T14:47:23+00:00","author":{"@id":"https:\/\/www.doclisboa.org\/2017\/#\/schema\/person\/6493bf8c11d01401a0e2a5b768e868e2"},"breadcrumb":{"@id":"https:\/\/www.doclisboa.org\/2017\/laboratorio-de-realizacao-doclisboa17-21-e-28-outubro-inscricoes-abertas\/#breadcrumb"},"inLanguage":"en-US","potentialAction":[{"@type":"ReadAction","target":["https:\/\/www.doclisboa.org\/2017\/laboratorio-de-realizacao-doclisboa17-21-e-28-outubro-inscricoes-abertas\/"]}]},{"@type":"BreadcrumbList","@id":"https:\/\/www.doclisboa.org\/2017\/laboratorio-de-realizacao-doclisboa17-21-e-28-outubro-inscricoes-abertas\/#breadcrumb","itemListElement":[{"@type":"ListItem","position":1,"name":"Home","item":"https:\/\/www.doclisboa.org\/2017\/"},{"@type":"ListItem","position":2,"name":"Laborat\u00f3rio de Realiza\u00e7\u00e3o Doclisboa&#8217;17 | 21 e 28 Outubro | Inscri\u00e7\u00f5es Abertas"}]},{"@type":"WebSite","@id":"https:\/\/www.doclisboa.org\/2017\/#website","url":"https:\/\/www.doclisboa.org\/2017\/","name":"Doclisboa 2017","description":"15\u00ba Festival Internacional de Cinema ","potentialAction":[{"@type":"SearchAction","target":{"@type":"EntryPoint","urlTemplate":"https:\/\/www.doclisboa.org\/2017\/?s={search_term_string}"},"query-input":"required name=search_term_string"}],"inLanguage":"en-US"},{"@type":"Person","@id":"https:\/\/www.doclisboa.org\/2017\/#\/schema\/person\/6493bf8c11d01401a0e2a5b768e868e2","name":"apordoco-admin","image":{"@type":"ImageObject","inLanguage":"en-US","@id":"https:\/\/www.doclisboa.org\/2017\/#\/schema\/person\/image\/","url":"https:\/\/secure.gravatar.com\/avatar\/e8d6e549193aff0780fe053153ce8b5737967fe0b44d701ad56a033a39127981?s=96&d=mm&r=g","contentUrl":"https:\/\/secure.gravatar.com\/avatar\/e8d6e549193aff0780fe053153ce8b5737967fe0b44d701ad56a033a39127981?s=96&d=mm&r=g","caption":"apordoco-admin"},"url":"https:\/\/www.doclisboa.org\/2017\/author\/apordoco-admin\/"}]}},"_links":{"self":[{"href":"https:\/\/www.doclisboa.org\/2017\/wp-json\/wp\/v2\/posts\/2857","targetHints":{"allow":["GET"]}}],"collection":[{"href":"https:\/\/www.doclisboa.org\/2017\/wp-json\/wp\/v2\/posts"}],"about":[{"href":"https:\/\/www.doclisboa.org\/2017\/wp-json\/wp\/v2\/types\/post"}],"author":[{"embeddable":true,"href":"https:\/\/www.doclisboa.org\/2017\/wp-json\/wp\/v2\/users\/1"}],"replies":[{"embeddable":true,"href":"https:\/\/www.doclisboa.org\/2017\/wp-json\/wp\/v2\/comments?post=2857"}],"version-history":[{"count":11,"href":"https:\/\/www.doclisboa.org\/2017\/wp-json\/wp\/v2\/posts\/2857\/revisions"}],"predecessor-version":[{"id":2869,"href":"https:\/\/www.doclisboa.org\/2017\/wp-json\/wp\/v2\/posts\/2857\/revisions\/2869"}],"wp:featuredmedia":[{"embeddable":true,"href":"https:\/\/www.doclisboa.org\/2017\/wp-json\/wp\/v2\/media\/2769"}],"wp:attachment":[{"href":"https:\/\/www.doclisboa.org\/2017\/wp-json\/wp\/v2\/media?parent=2857"}],"wp:term":[{"taxonomy":"category","embeddable":true,"href":"https:\/\/www.doclisboa.org\/2017\/wp-json\/wp\/v2\/categories?post=2857"},{"taxonomy":"post_tag","embeddable":true,"href":"https:\/\/www.doclisboa.org\/2017\/wp-json\/wp\/v2\/tags?post=2857"}],"curies":[{"name":"wp","href":"https:\/\/api.w.org\/{rel}","templated":true}]}}